{"id":15143,"date":"2025-11-13T15:43:17","date_gmt":"2025-11-13T14:43:17","guid":{"rendered":"https:\/\/lume.ch\/?p=15143"},"modified":"2025-11-13T16:05:19","modified_gmt":"2025-11-13T15:05:19","slug":"lm-systeme-daspiration-swiss-made-sur-son-chemin","status":"publish","type":"post","link":"https:\/\/lume.ch\/fr\/2025\/11\/13\/lm-systeme-daspiration-swiss-made-sur-son-chemin\/","title":{"rendered":"ASPIRATEUR SWISS MADE SUR VOTRE CHEMIN&#8230;"},"content":{"rendered":"\n<div  class=\"block block-content bg-weiss pb-mittel\">\n    <div class=\"main-container\">\n        <div class=\"content-container\">\n\n            \n\n\n    <p><a href=\"https:\/\/lume.ch\/fr\/\" target=\"_blank\" rel=\"noopener\">L+M AG<\/a> <a href=\"https:\/\/lume.ch\/fr\/installations-daspiration\/\" target=\"_blank\" rel=\"noopener\">Installations d&rsquo;aspiration<\/a> + <a title=\"Construction m\u00e9tallique industrielle\" href=\"https:\/\/lume.ch\/fr\/construction-metallique-industrielle\/\" target=\"_blank\" rel=\"noopener\">construction m\u00e9tallique industrielle<\/a><\/p>\n<p>Notre installation d&rsquo;aspiration quitte notre usine de Remigen apr\u00e8s avoir subi avec succ\u00e8s un contr\u00f4le de fonctionnement et un test de r\u00e9ception consign\u00e9 dans un protocole. Sur son lieu d&rsquo;utilisation, elle assurera \u00e0 l&rsquo;avenir un air de processus exempt de poussi\u00e8re et donc un air frais et des collaborateurs en bonne sant\u00e9. Et n&rsquo;oublions pas : un <a href=\"https:\/\/lume.ch\/fr\/references\/\" target=\"_blank\" rel=\"noopener\">client satisfait de<\/a> plus.<\/p>\n<p>Un air de qualit\u00e9 dans la production et des collaborateurs en bonne sant\u00e9 &#8211; \u00e0 mettre en \u0153uvre d\u00e8s maintenant avec une installation d&rsquo;aspiration efficace et adapt\u00e9e du fabricant suisse leader en mati\u00e8re de technique d&rsquo;aspiration, de technique de d\u00e9poussi\u00e9rage et de technique de filtration.<\/p>\n<p>D\u00e9couvrez <a href=\"https:\/\/lume.ch\/fr\/solutions\/\" target=\"_blank\" rel=\"noopener\">ici<\/a> la valeur ajout\u00e9e de la collaboration avec L+M AG.<\/p>\n\n    \n    \n\n        <\/div>\n    <\/div>\n<\/div>","protected":false},"excerpt":{"rendered":"","protected":false},"author":2,"featured_media":15133,"comment_status":"closed","ping_status":"closed","sticky":false,"template":"","format":"standard","meta":{"_acf_changed":false,"footnotes":""},"categories":[65],"tags":[],"class_list":["post-15143","post","type-post","status-publish","format-standard","has-post-thumbnail","hentry","category-actualites"],"acf":[],"_links":{"self":[{"href":"https:\/\/lume.ch\/fr\/wp-json\/wp\/v2\/posts\/15143","targetHints":{"allow":["GET"]}}],"collection":[{"href":"https:\/\/lume.ch\/fr\/wp-json\/wp\/v2\/posts"}],"about":[{"href":"https:\/\/lume.ch\/fr\/wp-json\/wp\/v2\/types\/post"}],"author":[{"embeddable":true,"href":"https:\/\/lume.ch\/fr\/wp-json\/wp\/v2\/users\/2"}],"replies":[{"embeddable":true,"href":"https:\/\/lume.ch\/fr\/wp-json\/wp\/v2\/comments?post=15143"}],"version-history":[{"count":3,"href":"https:\/\/lume.ch\/fr\/wp-json\/wp\/v2\/posts\/15143\/revisions"}],"predecessor-version":[{"id":15147,"href":"https:\/\/lume.ch\/fr\/wp-json\/wp\/v2\/posts\/15143\/revisions\/15147"}],"wp:featuredmedia":[{"embeddable":true,"href":"https:\/\/lume.ch\/fr\/wp-json\/wp\/v2\/media\/15133"}],"wp:attachment":[{"href":"https:\/\/lume.ch\/fr\/wp-json\/wp\/v2\/media?parent=15143"}],"wp:term":[{"taxonomy":"category","embeddable":true,"href":"https:\/\/lume.ch\/fr\/wp-json\/wp\/v2\/categories?post=15143"},{"taxonomy":"post_tag","embeddable":true,"href":"https:\/\/lume.ch\/fr\/wp-json\/wp\/v2\/tags?post=15143"}],"curies":[{"name":"wp","href":"https:\/\/api.w.org\/{rel}","templated":true}]}}